{"id":782,"date":"2026-03-31T16:00:19","date_gmt":"2026-03-31T16:00:19","guid":{"rendered":"https:\/\/guasave.gob.mx\/implan\/?p=782"},"modified":"2026-03-31T16:09:46","modified_gmt":"2026-03-31T16:09:46","slug":"primera-sesion-ordinaria-de-la-junta-directiva-del-presente-ano-2026","status":"publish","type":"post","link":"https:\/\/guasave.gob.mx\/implan\/primera-sesion-ordinaria-de-la-junta-directiva-del-presente-ano-2026\/","title":{"rendered":"Primera sesi\u00f3n ordinaria de la Junta Directiva del presente a\u00f1o 2026"},"content":{"rendered":"<p style=\"text-align: justify;\">El d\u00eda de hoy, 10 de febrero, se realiz\u00f3 la primera sesi\u00f3n ordinaria de la Junta Directiva del presente a\u00f1o 2026, encabezada por la Presidenta la Dra. Cecilia Ramirez Montoya junto al Dr. David Ignacio Rojas Esc\u00e1rrega, director de IMPLAN Guasave, en la que se abordaron temas como el pron\u00f3stico de ingresos y presupuesto de egresos del instituto, as\u00ed como la entrega del avance del nuevo Atlas de Riesgos del Municipio, presentado por los investigadores Maycool Zepeda Mardue\u00f1o y Jos\u00e9 Gilberto Lara C\u00f3rdova, del Centro Nayarita de Innovaci\u00f3n y Transferencia Tecnol\u00f3gica (CENITT), de la Universidad Aut\u00f3noma de Nayarit, en presencia de Regidores de la Comisi\u00f3n de Urbanismo, Ecolog\u00eda y Obras P\u00fablicas, Canaco, Canacintra, Colegio de Arquitectos, Colegio de Ingenieros Civiles, Colegio de Notarios P\u00fablicos, UADEO, Codesin, Obras y Servicios P\u00fablicos, Ecolog\u00eda y Sustentabilidad Ambiental y Planeaci\u00f3n Urbana.<\/p>\n","protected":false},"excerpt":{"rendered":"<p>El d\u00eda de hoy, 10 de febrero, se realiz\u00f3 la primera sesi\u00f3n ordinaria de la Junta Directiva del presente a\u00f1o 2026, encabezada por la Presidenta la Dra. Cecilia Ramirez Montoya junto al Dr. David Ignacio Rojas Esc\u00e1rrega, director de IMPLAN Guasave, en la que se abordaron temas como el pron\u00f3stico de ingresos y presupuesto de &#8230; <a title=\"Primera sesi\u00f3n ordinaria de la Junta Directiva del presente a\u00f1o 2026\" class=\"read-more\" href=\"https:\/\/guasave.gob.mx\/implan\/primera-sesion-ordinaria-de-la-junta-directiva-del-presente-ano-2026\/\">Read more<\/a><\/p>\n","protected":false},"author":3,"featured_media":783,"comment_status":"closed","ping_status":"open","sticky":false,"template":"","format":"standard","meta":[],"categories":[3],"tags":[],"_links":{"self":[{"href":"https:\/\/guasave.gob.mx\/implan\/wp-json\/wp\/v2\/posts\/782"}],"collection":[{"href":"https:\/\/guasave.gob.mx\/implan\/wp-json\/wp\/v2\/posts"}],"about":[{"href":"https:\/\/guasave.gob.mx\/implan\/wp-json\/wp\/v2\/types\/post"}],"author":[{"embeddable":true,"href":"https:\/\/guasave.gob.mx\/implan\/wp-json\/wp\/v2\/users\/3"}],"replies":[{"embeddable":true,"href":"https:\/\/guasave.gob.mx\/implan\/wp-json\/wp\/v2\/comments?post=782"}],"version-history":[{"count":1,"href":"https:\/\/guasave.gob.mx\/implan\/wp-json\/wp\/v2\/posts\/782\/revisions"}],"predecessor-version":[{"id":784,"href":"https:\/\/guasave.gob.mx\/implan\/wp-json\/wp\/v2\/posts\/782\/revisions\/784"}],"wp:featuredmedia":[{"embeddable":true,"href":"https:\/\/guasave.gob.mx\/implan\/wp-json\/wp\/v2\/media\/783"}],"wp:attachment":[{"href":"https:\/\/guasave.gob.mx\/implan\/wp-json\/wp\/v2\/media?parent=782"}],"wp:term":[{"taxonomy":"category","embeddable":true,"href":"https:\/\/guasave.gob.mx\/implan\/wp-json\/wp\/v2\/categories?post=782"},{"taxonomy":"post_tag","embeddable":true,"href":"https:\/\/guasave.gob.mx\/implan\/wp-json\/wp\/v2\/tags?post=782"}],"curies":[{"name":"wp","href":"https:\/\/api.w.org\/{rel}","templated":true}]}}