{"id":776,"date":"2026-03-31T15:58:13","date_gmt":"2026-03-31T15:58:13","guid":{"rendered":"https:\/\/guasave.gob.mx\/implan\/?p=776"},"modified":"2026-03-31T15:58:13","modified_gmt":"2026-03-31T15:58:13","slug":"el-dia-mundial-por-la-reduccion-de-las-emisiones-de-co2","status":"publish","type":"post","link":"https:\/\/guasave.gob.mx\/implan\/el-dia-mundial-por-la-reduccion-de-las-emisiones-de-co2\/","title":{"rendered":"El D\u00eda Mundial por la Reducci\u00f3n de las Emisiones de CO2"},"content":{"rendered":"<p style=\"text-align: justify;\">El D\u00eda Mundial por la Reducci\u00f3n de las Emisiones de CO2 se celebra cada 28 de enero, una fecha promovida por la ONU para crear conciencia sobre el cambio clim\u00e1tico y la importancia de reducir el di\u00f3xido de carbono, un gas de efecto invernadero clave, impulsando acciones individuales y colectivas para la sostenibilidad y un futuro m\u00e1s verde. Este d\u00eda tambi\u00e9n se conoce como el D\u00eda Mundial de la Acci\u00f3n frente al Calentamiento Terrestre y nos recuerda la necesidad de adoptar energ\u00edas renovables, transporte sostenible y h\u00e1bitos de consumo responsables.<\/p>\n<p style=\"text-align: justify;\">Es por eso que el Instituto Municipal de Planeaci\u00f3n de Guasave, en favor de la prevenci\u00f3n buscar\u00e1 la realizaci\u00f3n del programa de Ordenamiento Ecol\u00f3gico Municipal, para tomar acciones y aportar nuestro granito de arena como Municipio Responsable en el cuidado del Planeta<\/p>\n","protected":false},"excerpt":{"rendered":"<p>El D\u00eda Mundial por la Reducci\u00f3n de las Emisiones de CO2 se celebra cada 28 de enero, una fecha promovida por la ONU para crear conciencia sobre el cambio clim\u00e1tico y la importancia de reducir el di\u00f3xido de carbono, un gas de efecto invernadero clave, impulsando acciones individuales y colectivas para la sostenibilidad y un &#8230; <a title=\"El D\u00eda Mundial por la Reducci\u00f3n de las Emisiones de CO2\" class=\"read-more\" href=\"https:\/\/guasave.gob.mx\/implan\/el-dia-mundial-por-la-reduccion-de-las-emisiones-de-co2\/\">Read more<\/a><\/p>\n","protected":false},"author":3,"featured_media":777,"comment_status":"closed","ping_status":"open","sticky":false,"template":"","format":"standard","meta":[],"categories":[3],"tags":[],"_links":{"self":[{"href":"https:\/\/guasave.gob.mx\/implan\/wp-json\/wp\/v2\/posts\/776"}],"collection":[{"href":"https:\/\/guasave.gob.mx\/implan\/wp-json\/wp\/v2\/posts"}],"about":[{"href":"https:\/\/guasave.gob.mx\/implan\/wp-json\/wp\/v2\/types\/post"}],"author":[{"embeddable":true,"href":"https:\/\/guasave.gob.mx\/implan\/wp-json\/wp\/v2\/users\/3"}],"replies":[{"embeddable":true,"href":"https:\/\/guasave.gob.mx\/implan\/wp-json\/wp\/v2\/comments?post=776"}],"version-history":[{"count":1,"href":"https:\/\/guasave.gob.mx\/implan\/wp-json\/wp\/v2\/posts\/776\/revisions"}],"predecessor-version":[{"id":778,"href":"https:\/\/guasave.gob.mx\/implan\/wp-json\/wp\/v2\/posts\/776\/revisions\/778"}],"wp:featuredmedia":[{"embeddable":true,"href":"https:\/\/guasave.gob.mx\/implan\/wp-json\/wp\/v2\/media\/777"}],"wp:attachment":[{"href":"https:\/\/guasave.gob.mx\/implan\/wp-json\/wp\/v2\/media?parent=776"}],"wp:term":[{"taxonomy":"category","embeddable":true,"href":"https:\/\/guasave.gob.mx\/implan\/wp-json\/wp\/v2\/categories?post=776"},{"taxonomy":"post_tag","embeddable":true,"href":"https:\/\/guasave.gob.mx\/implan\/wp-json\/wp\/v2\/tags?post=776"}],"curies":[{"name":"wp","href":"https:\/\/api.w.org\/{rel}","templated":true}]}}