{"id":773,"date":"2026-03-31T15:56:46","date_gmt":"2026-03-31T15:56:46","guid":{"rendered":"https:\/\/guasave.gob.mx\/implan\/?p=773"},"modified":"2026-03-31T15:56:46","modified_gmt":"2026-03-31T15:56:46","slug":"invitacion-de-la-arq-simei-jezabel-cebreros-raygoza-directora-de-implan-culiacan","status":"publish","type":"post","link":"https:\/\/guasave.gob.mx\/implan\/invitacion-de-la-arq-simei-jezabel-cebreros-raygoza-directora-de-implan-culiacan\/","title":{"rendered":"Invitaci\u00f3n de la Arq. Simei Jezabel Cebreros Raygoza, directora de IMPLAN Culiac\u00e1n"},"content":{"rendered":"<p style=\"text-align: justify;\">El d\u00eda jueves 15 de enero, el Arq. David Ignacio Rojas Esc\u00e1rrega, director del IMPLAN Guasave, atendiendo a la invitaci\u00f3n de la Arq. Simei Jezabel Cebreros Raygoza, directora de IMPLAN Culiac\u00e1n, acudi\u00f3 a participar en el foro de consulta ciudadana \u00abCiudad + Centro\u00bb que se llev\u00f3 a cabo en el marco del proceso de actualizaci\u00f3n del Programa Parcial de Desarrollo Urbano de la Zona Centro de Culiac\u00e1n y Modificaci\u00f3n del Programa de Desarrollo Urbano de Culiac\u00e1n.<\/p>\n","protected":false},"excerpt":{"rendered":"<p>El d\u00eda jueves 15 de enero, el Arq. David Ignacio Rojas Esc\u00e1rrega, director del IMPLAN Guasave, atendiendo a la invitaci\u00f3n de la Arq. Simei Jezabel Cebreros Raygoza, directora de IMPLAN Culiac\u00e1n, acudi\u00f3 a participar en el foro de consulta ciudadana \u00abCiudad + Centro\u00bb que se llev\u00f3 a cabo en el marco del proceso de actualizaci\u00f3n &#8230; <a title=\"Invitaci\u00f3n de la Arq. Simei Jezabel Cebreros Raygoza, directora de IMPLAN Culiac\u00e1n\" class=\"read-more\" href=\"https:\/\/guasave.gob.mx\/implan\/invitacion-de-la-arq-simei-jezabel-cebreros-raygoza-directora-de-implan-culiacan\/\">Read more<\/a><\/p>\n","protected":false},"author":3,"featured_media":774,"comment_status":"closed","ping_status":"open","sticky":false,"template":"","format":"standard","meta":[],"categories":[3],"tags":[],"_links":{"self":[{"href":"https:\/\/guasave.gob.mx\/implan\/wp-json\/wp\/v2\/posts\/773"}],"collection":[{"href":"https:\/\/guasave.gob.mx\/implan\/wp-json\/wp\/v2\/posts"}],"about":[{"href":"https:\/\/guasave.gob.mx\/implan\/wp-json\/wp\/v2\/types\/post"}],"author":[{"embeddable":true,"href":"https:\/\/guasave.gob.mx\/implan\/wp-json\/wp\/v2\/users\/3"}],"replies":[{"embeddable":true,"href":"https:\/\/guasave.gob.mx\/implan\/wp-json\/wp\/v2\/comments?post=773"}],"version-history":[{"count":1,"href":"https:\/\/guasave.gob.mx\/implan\/wp-json\/wp\/v2\/posts\/773\/revisions"}],"predecessor-version":[{"id":775,"href":"https:\/\/guasave.gob.mx\/implan\/wp-json\/wp\/v2\/posts\/773\/revisions\/775"}],"wp:featuredmedia":[{"embeddable":true,"href":"https:\/\/guasave.gob.mx\/implan\/wp-json\/wp\/v2\/media\/774"}],"wp:attachment":[{"href":"https:\/\/guasave.gob.mx\/implan\/wp-json\/wp\/v2\/media?parent=773"}],"wp:term":[{"taxonomy":"category","embeddable":true,"href":"https:\/\/guasave.gob.mx\/implan\/wp-json\/wp\/v2\/categories?post=773"},{"taxonomy":"post_tag","embeddable":true,"href":"https:\/\/guasave.gob.mx\/implan\/wp-json\/wp\/v2\/tags?post=773"}],"curies":[{"name":"wp","href":"https:\/\/api.w.org\/{rel}","templated":true}]}}